{"id":2579,"date":"2026-03-15T18:16:59","date_gmt":"2026-03-15T17:16:59","guid":{"rendered":"https:\/\/bcv-beberanien.de\/?p=2579"},"modified":"2026-03-15T18:17:01","modified_gmt":"2026-03-15T17:17:01","slug":"kinderprinzenpaar-empfang-der-thueringer-staatskanzlei","status":"publish","type":"post","link":"https:\/\/bcv-beberanien.de\/?p=2579","title":{"rendered":"Kinderprinzenpaar-Empfang der Th\u00fcringer Staatskanzlei"},"content":{"rendered":"\n<figure class=\"wp-block-image size-large\"><img loading=\"lazy\" decoding=\"async\" width=\"1024\" height=\"768\" src=\"https:\/\/bcv-beberanien.de\/wp-content\/uploads\/2026\/03\/WhatsApp-Image-2026-02-17-at-15.47.55-1024x768.jpeg\" alt=\"\" class=\"wp-image-2580\" srcset=\"https:\/\/bcv-beberanien.de\/wp-content\/uploads\/2026\/03\/WhatsApp-Image-2026-02-17-at-15.47.55-1024x768.jpeg 1024w, https:\/\/bcv-beberanien.de\/wp-content\/uploads\/2026\/03\/WhatsApp-Image-2026-02-17-at-15.47.55-300x225.jpeg 300w, https:\/\/bcv-beberanien.de\/wp-content\/uploads\/2026\/03\/WhatsApp-Image-2026-02-17-at-15.47.55-768x576.jpeg 768w, https:\/\/bcv-beberanien.de\/wp-content\/uploads\/2026\/03\/WhatsApp-Image-2026-02-17-at-15.47.55-1536x1152.jpeg 1536w, https:\/\/bcv-beberanien.de\/wp-content\/uploads\/2026\/03\/WhatsApp-Image-2026-02-17-at-15.47.55.jpeg 1600w\" sizes=\"auto, (max-width: 706px) 89vw, (max-width: 767px) 82vw, 740px\" \/><\/figure>\n\n\n\n<p>Am 17.02.2026 nahmen unsere beiden Prinzenpaare Ben &amp; Hanna, sowie Martin &amp; Nancy am Empfang der Th\u00fcringer Staatskanzlei im Kaisersaal in Erfurt teil. Gemeinsam mit vielen Vereinen unseres Kyffh\u00e4userkreises konnten wir einen kurzweiligen Nachmittag verbringen. Wir nutzten diese Gelegenheit nat\u00fcrlich auch f\u00fcr ein gemeinsames Foto \ud83d\ude42<\/p>\n","protected":false},"excerpt":{"rendered":"<p>Am 17.02.2026 nahmen unsere beiden Prinzenpaare Ben &amp; Hanna, sowie Martin &amp; Nancy am Empfang der Th\u00fcringer Staatskanzlei im Kaisersaal in Erfurt teil. Gemeinsam mit vielen Vereinen unseres Kyffh\u00e4userkreises konnten wir einen kurzweiligen Nachmittag verbringen. Wir nutzten diese Gelegenheit nat\u00fcrlich auch f\u00fcr ein gemeinsames Foto \ud83d\ude42<\/p>\n","protected":false},"author":3,"featured_media":0,"comment_status":"closed","ping_status":"open","sticky":false,"template":"","format":"standard","meta":{"_exactmetrics_skip_tracking":false,"_exactmetrics_sitenote_active":false,"_exactmetrics_sitenote_note":"","_exactmetrics_sitenote_category":0,"footnotes":""},"categories":[1],"tags":[],"class_list":["post-2579","post","type-post","status-publish","format-standard","hentry","category-news"],"yoast_head":"<!-- This site is optimized with the Yoast SEO plugin v27.5 - https:\/\/yoast.com\/product\/yoast-seo-wordpress\/ -->\n<title>Kinderprinzenpaar-Empfang der Th\u00fcringer Staatskanzlei - BCV Blau-Weiss-Beberanien e.V.<\/title>\n<meta name=\"robots\" content=\"index, follow, max-snippet:-1, max-image-preview:large, max-video-preview:-1\" \/>\n<link rel=\"canonical\" href=\"https:\/\/bcv-beberanien.de\/?p=2579\" \/>\n<meta property=\"og:locale\" content=\"de_DE\" \/>\n<meta property=\"og:type\" content=\"article\" \/>\n<meta property=\"og:title\" content=\"Kinderprinzenpaar-Empfang der Th\u00fcringer Staatskanzlei - BCV Blau-Weiss-Beberanien e.V.\" \/>\n<meta property=\"og:description\" content=\"Am 17.02.2026 nahmen unsere beiden Prinzenpaare Ben &amp; Hanna, sowie Martin &amp; Nancy am Empfang der Th\u00fcringer Staatskanzlei im Kaisersaal in Erfurt teil. Gemeinsam mit vielen Vereinen unseres Kyffh\u00e4userkreises konnten wir einen kurzweiligen Nachmittag verbringen. Wir nutzten diese Gelegenheit nat\u00fcrlich auch f\u00fcr ein gemeinsames Foto \ud83d\ude42\" \/>\n<meta property=\"og:url\" content=\"https:\/\/bcv-beberanien.de\/?p=2579\" \/>\n<meta property=\"og:site_name\" content=\"BCV Blau-Weiss-Beberanien e.V.\" \/>\n<meta property=\"article:published_time\" content=\"2026-03-15T17:16:59+00:00\" \/>\n<meta property=\"article:modified_time\" content=\"2026-03-15T17:17:01+00:00\" \/>\n<meta property=\"og:image\" content=\"https:\/\/bcv-beberanien.de\/wp-content\/uploads\/2026\/03\/WhatsApp-Image-2026-02-17-at-15.47.55.jpeg\" \/>\n\t<meta property=\"og:image:width\" content=\"1600\" \/>\n\t<meta property=\"og:image:height\" content=\"1200\" \/>\n\t<meta property=\"og:image:type\" content=\"image\/jpeg\" \/>\n<meta name=\"author\" content=\"Caro\" \/>\n<meta name=\"twitter:card\" content=\"summary_large_image\" \/>\n<meta name=\"twitter:label1\" content=\"Verfasst von\" \/>\n\t<meta name=\"twitter:data1\" content=\"Caro\" \/>\n\t<meta name=\"twitter:label2\" content=\"Gesch\u00e4tzte Lesezeit\" \/>\n\t<meta name=\"twitter:data2\" content=\"1\u00a0Minute\" \/>\n<script type=\"application\/ld+json\" class=\"yoast-schema-graph\">{\"@context\":\"https:\\\/\\\/schema.org\",\"@graph\":[{\"@type\":\"Article\",\"@id\":\"https:\\\/\\\/bcv-beberanien.de\\\/?p=2579#article\",\"isPartOf\":{\"@id\":\"https:\\\/\\\/bcv-beberanien.de\\\/?p=2579\"},\"author\":{\"name\":\"Caro\",\"@id\":\"https:\\\/\\\/bcv-beberanien.de\\\/#\\\/schema\\\/person\\\/88b8cb928bda6a0de6bf8070f5aa62d7\"},\"headline\":\"Kinderprinzenpaar-Empfang der Th\u00fcringer Staatskanzlei\",\"datePublished\":\"2026-03-15T17:16:59+00:00\",\"dateModified\":\"2026-03-15T17:17:01+00:00\",\"mainEntityOfPage\":{\"@id\":\"https:\\\/\\\/bcv-beberanien.de\\\/?p=2579\"},\"wordCount\":54,\"publisher\":{\"@id\":\"https:\\\/\\\/bcv-beberanien.de\\\/#organization\"},\"image\":{\"@id\":\"https:\\\/\\\/bcv-beberanien.de\\\/?p=2579#primaryimage\"},\"thumbnailUrl\":\"https:\\\/\\\/bcv-beberanien.de\\\/wp-content\\\/uploads\\\/2026\\\/03\\\/WhatsApp-Image-2026-02-17-at-15.47.55-1024x768.jpeg\",\"articleSection\":[\"News\"],\"inLanguage\":\"de\"},{\"@type\":\"WebPage\",\"@id\":\"https:\\\/\\\/bcv-beberanien.de\\\/?p=2579\",\"url\":\"https:\\\/\\\/bcv-beberanien.de\\\/?p=2579\",\"name\":\"Kinderprinzenpaar-Empfang der Th\u00fcringer Staatskanzlei - BCV Blau-Weiss-Beberanien e.V.\",\"isPartOf\":{\"@id\":\"https:\\\/\\\/bcv-beberanien.de\\\/#website\"},\"primaryImageOfPage\":{\"@id\":\"https:\\\/\\\/bcv-beberanien.de\\\/?p=2579#primaryimage\"},\"image\":{\"@id\":\"https:\\\/\\\/bcv-beberanien.de\\\/?p=2579#primaryimage\"},\"thumbnailUrl\":\"https:\\\/\\\/bcv-beberanien.de\\\/wp-content\\\/uploads\\\/2026\\\/03\\\/WhatsApp-Image-2026-02-17-at-15.47.55-1024x768.jpeg\",\"datePublished\":\"2026-03-15T17:16:59+00:00\",\"dateModified\":\"2026-03-15T17:17:01+00:00\",\"breadcrumb\":{\"@id\":\"https:\\\/\\\/bcv-beberanien.de\\\/?p=2579#breadcrumb\"},\"inLanguage\":\"de\",\"potentialAction\":[{\"@type\":\"ReadAction\",\"target\":[\"https:\\\/\\\/bcv-beberanien.de\\\/?p=2579\"]}]},{\"@type\":\"ImageObject\",\"inLanguage\":\"de\",\"@id\":\"https:\\\/\\\/bcv-beberanien.de\\\/?p=2579#primaryimage\",\"url\":\"https:\\\/\\\/bcv-beberanien.de\\\/wp-content\\\/uploads\\\/2026\\\/03\\\/WhatsApp-Image-2026-02-17-at-15.47.55.jpeg\",\"contentUrl\":\"https:\\\/\\\/bcv-beberanien.de\\\/wp-content\\\/uploads\\\/2026\\\/03\\\/WhatsApp-Image-2026-02-17-at-15.47.55.jpeg\",\"width\":1600,\"height\":1200},{\"@type\":\"BreadcrumbList\",\"@id\":\"https:\\\/\\\/bcv-beberanien.de\\\/?p=2579#breadcrumb\",\"itemListElement\":[{\"@type\":\"ListItem\",\"position\":1,\"name\":\"Startseite\",\"item\":\"https:\\\/\\\/bcv-beberanien.de\\\/\"},{\"@type\":\"ListItem\",\"position\":2,\"name\":\"Kinderprinzenpaar-Empfang der Th\u00fcringer Staatskanzlei\"}]},{\"@type\":\"WebSite\",\"@id\":\"https:\\\/\\\/bcv-beberanien.de\\\/#website\",\"url\":\"https:\\\/\\\/bcv-beberanien.de\\\/\",\"name\":\"BCV Blau-Weiss-Beberanien e.V.\",\"description\":\"Narrenschar von Bebra seit 1952.\",\"publisher\":{\"@id\":\"https:\\\/\\\/bcv-beberanien.de\\\/#organization\"},\"potentialAction\":[{\"@type\":\"SearchAction\",\"target\":{\"@type\":\"EntryPoint\",\"urlTemplate\":\"https:\\\/\\\/bcv-beberanien.de\\\/?s={search_term_string}\"},\"query-input\":{\"@type\":\"PropertyValueSpecification\",\"valueRequired\":true,\"valueName\":\"search_term_string\"}}],\"inLanguage\":\"de\"},{\"@type\":\"Organization\",\"@id\":\"https:\\\/\\\/bcv-beberanien.de\\\/#organization\",\"name\":\"BCV Blau-Weiss-Beberanien e.V.\",\"url\":\"https:\\\/\\\/bcv-beberanien.de\\\/\",\"logo\":{\"@type\":\"ImageObject\",\"inLanguage\":\"de\",\"@id\":\"https:\\\/\\\/bcv-beberanien.de\\\/#\\\/schema\\\/logo\\\/image\\\/\",\"url\":\"https:\\\/\\\/bcv-beberanien.de\\\/wp-content\\\/uploads\\\/2019\\\/11\\\/cropped-Wappen-1.jpg\",\"contentUrl\":\"https:\\\/\\\/bcv-beberanien.de\\\/wp-content\\\/uploads\\\/2019\\\/11\\\/cropped-Wappen-1.jpg\",\"width\":214,\"height\":250,\"caption\":\"BCV Blau-Weiss-Beberanien e.V.\"},\"image\":{\"@id\":\"https:\\\/\\\/bcv-beberanien.de\\\/#\\\/schema\\\/logo\\\/image\\\/\"}},{\"@type\":\"Person\",\"@id\":\"https:\\\/\\\/bcv-beberanien.de\\\/#\\\/schema\\\/person\\\/88b8cb928bda6a0de6bf8070f5aa62d7\",\"name\":\"Caro\",\"url\":\"https:\\\/\\\/bcv-beberanien.de\\\/?author=3\"}]}<\/script>\n<!-- \/ Yoast SEO plugin. -->","yoast_head_json":{"title":"Kinderprinzenpaar-Empfang der Th\u00fcringer Staatskanzlei - BCV Blau-Weiss-Beberanien e.V.","robots":{"index":"index","follow":"follow","max-snippet":"max-snippet:-1","max-image-preview":"max-image-preview:large","max-video-preview":"max-video-preview:-1"},"canonical":"https:\/\/bcv-beberanien.de\/?p=2579","og_locale":"de_DE","og_type":"article","og_title":"Kinderprinzenpaar-Empfang der Th\u00fcringer Staatskanzlei - BCV Blau-Weiss-Beberanien e.V.","og_description":"Am 17.02.2026 nahmen unsere beiden Prinzenpaare Ben &amp; Hanna, sowie Martin &amp; Nancy am Empfang der Th\u00fcringer Staatskanzlei im Kaisersaal in Erfurt teil. Gemeinsam mit vielen Vereinen unseres Kyffh\u00e4userkreises konnten wir einen kurzweiligen Nachmittag verbringen. Wir nutzten diese Gelegenheit nat\u00fcrlich auch f\u00fcr ein gemeinsames Foto \ud83d\ude42","og_url":"https:\/\/bcv-beberanien.de\/?p=2579","og_site_name":"BCV Blau-Weiss-Beberanien e.V.","article_published_time":"2026-03-15T17:16:59+00:00","article_modified_time":"2026-03-15T17:17:01+00:00","og_image":[{"width":1600,"height":1200,"url":"https:\/\/bcv-beberanien.de\/wp-content\/uploads\/2026\/03\/WhatsApp-Image-2026-02-17-at-15.47.55.jpeg","type":"image\/jpeg"}],"author":"Caro","twitter_card":"summary_large_image","twitter_misc":{"Verfasst von":"Caro","Gesch\u00e4tzte Lesezeit":"1\u00a0Minute"},"schema":{"@context":"https:\/\/schema.org","@graph":[{"@type":"Article","@id":"https:\/\/bcv-beberanien.de\/?p=2579#article","isPartOf":{"@id":"https:\/\/bcv-beberanien.de\/?p=2579"},"author":{"name":"Caro","@id":"https:\/\/bcv-beberanien.de\/#\/schema\/person\/88b8cb928bda6a0de6bf8070f5aa62d7"},"headline":"Kinderprinzenpaar-Empfang der Th\u00fcringer Staatskanzlei","datePublished":"2026-03-15T17:16:59+00:00","dateModified":"2026-03-15T17:17:01+00:00","mainEntityOfPage":{"@id":"https:\/\/bcv-beberanien.de\/?p=2579"},"wordCount":54,"publisher":{"@id":"https:\/\/bcv-beberanien.de\/#organization"},"image":{"@id":"https:\/\/bcv-beberanien.de\/?p=2579#primaryimage"},"thumbnailUrl":"https:\/\/bcv-beberanien.de\/wp-content\/uploads\/2026\/03\/WhatsApp-Image-2026-02-17-at-15.47.55-1024x768.jpeg","articleSection":["News"],"inLanguage":"de"},{"@type":"WebPage","@id":"https:\/\/bcv-beberanien.de\/?p=2579","url":"https:\/\/bcv-beberanien.de\/?p=2579","name":"Kinderprinzenpaar-Empfang der Th\u00fcringer Staatskanzlei - BCV Blau-Weiss-Beberanien e.V.","isPartOf":{"@id":"https:\/\/bcv-beberanien.de\/#website"},"primaryImageOfPage":{"@id":"https:\/\/bcv-beberanien.de\/?p=2579#primaryimage"},"image":{"@id":"https:\/\/bcv-beberanien.de\/?p=2579#primaryimage"},"thumbnailUrl":"https:\/\/bcv-beberanien.de\/wp-content\/uploads\/2026\/03\/WhatsApp-Image-2026-02-17-at-15.47.55-1024x768.jpeg","datePublished":"2026-03-15T17:16:59+00:00","dateModified":"2026-03-15T17:17:01+00:00","breadcrumb":{"@id":"https:\/\/bcv-beberanien.de\/?p=2579#breadcrumb"},"inLanguage":"de","potentialAction":[{"@type":"ReadAction","target":["https:\/\/bcv-beberanien.de\/?p=2579"]}]},{"@type":"ImageObject","inLanguage":"de","@id":"https:\/\/bcv-beberanien.de\/?p=2579#primaryimage","url":"https:\/\/bcv-beberanien.de\/wp-content\/uploads\/2026\/03\/WhatsApp-Image-2026-02-17-at-15.47.55.jpeg","contentUrl":"https:\/\/bcv-beberanien.de\/wp-content\/uploads\/2026\/03\/WhatsApp-Image-2026-02-17-at-15.47.55.jpeg","width":1600,"height":1200},{"@type":"BreadcrumbList","@id":"https:\/\/bcv-beberanien.de\/?p=2579#breadcrumb","itemListElement":[{"@type":"ListItem","position":1,"name":"Startseite","item":"https:\/\/bcv-beberanien.de\/"},{"@type":"ListItem","position":2,"name":"Kinderprinzenpaar-Empfang der Th\u00fcringer Staatskanzlei"}]},{"@type":"WebSite","@id":"https:\/\/bcv-beberanien.de\/#website","url":"https:\/\/bcv-beberanien.de\/","name":"BCV Blau-Weiss-Beberanien e.V.","description":"Narrenschar von Bebra seit 1952.","publisher":{"@id":"https:\/\/bcv-beberanien.de\/#organization"},"potentialAction":[{"@type":"SearchAction","target":{"@type":"EntryPoint","urlTemplate":"https:\/\/bcv-beberanien.de\/?s={search_term_string}"},"query-input":{"@type":"PropertyValueSpecification","valueRequired":true,"valueName":"search_term_string"}}],"inLanguage":"de"},{"@type":"Organization","@id":"https:\/\/bcv-beberanien.de\/#organization","name":"BCV Blau-Weiss-Beberanien e.V.","url":"https:\/\/bcv-beberanien.de\/","logo":{"@type":"ImageObject","inLanguage":"de","@id":"https:\/\/bcv-beberanien.de\/#\/schema\/logo\/image\/","url":"https:\/\/bcv-beberanien.de\/wp-content\/uploads\/2019\/11\/cropped-Wappen-1.jpg","contentUrl":"https:\/\/bcv-beberanien.de\/wp-content\/uploads\/2019\/11\/cropped-Wappen-1.jpg","width":214,"height":250,"caption":"BCV Blau-Weiss-Beberanien e.V."},"image":{"@id":"https:\/\/bcv-beberanien.de\/#\/schema\/logo\/image\/"}},{"@type":"Person","@id":"https:\/\/bcv-beberanien.de\/#\/schema\/person\/88b8cb928bda6a0de6bf8070f5aa62d7","name":"Caro","url":"https:\/\/bcv-beberanien.de\/?author=3"}]}},"_links":{"self":[{"href":"https:\/\/bcv-beberanien.de\/index.php?rest_route=\/wp\/v2\/posts\/2579","targetHints":{"allow":["GET"]}}],"collection":[{"href":"https:\/\/bcv-beberanien.de\/index.php?rest_route=\/wp\/v2\/posts"}],"about":[{"href":"https:\/\/bcv-beberanien.de\/index.php?rest_route=\/wp\/v2\/types\/post"}],"author":[{"embeddable":true,"href":"https:\/\/bcv-beberanien.de\/index.php?rest_route=\/wp\/v2\/users\/3"}],"replies":[{"embeddable":true,"href":"https:\/\/bcv-beberanien.de\/index.php?rest_route=%2Fwp%2Fv2%2Fcomments&post=2579"}],"version-history":[{"count":1,"href":"https:\/\/bcv-beberanien.de\/index.php?rest_route=\/wp\/v2\/posts\/2579\/revisions"}],"predecessor-version":[{"id":2581,"href":"https:\/\/bcv-beberanien.de\/index.php?rest_route=\/wp\/v2\/posts\/2579\/revisions\/2581"}],"wp:attachment":[{"href":"https:\/\/bcv-beberanien.de\/index.php?rest_route=%2Fwp%2Fv2%2Fmedia&parent=2579"}],"wp:term":[{"taxonomy":"category","embeddable":true,"href":"https:\/\/bcv-beberanien.de\/index.php?rest_route=%2Fwp%2Fv2%2Fcategories&post=2579"},{"taxonomy":"post_tag","embeddable":true,"href":"https:\/\/bcv-beberanien.de\/index.php?rest_route=%2Fwp%2Fv2%2Ftags&post=2579"}],"curies":[{"name":"wp","href":"https:\/\/api.w.org\/{rel}","templated":true}]}}